{"id":2717,"date":"2024-09-06T21:06:20","date_gmt":"2024-09-06T20:06:20","guid":{"rendered":"https:\/\/www.haggadalensfiber.se\/?p=2717"},"modified":"2024-09-06T21:06:20","modified_gmt":"2024-09-06T20:06:20","slug":"planerat-stromavbrott-nod-2-risma-fritsla-12-september","status":"publish","type":"post","link":"https:\/\/www.haggadalensfiber.se\/?p=2717","title":{"rendered":"Planerat str\u00f6mavbrott Nod 2 (Risma, Fritsla) 12 september"},"content":{"rendered":"\n<p><strong>Torsdagen den 12 september<\/strong> kommer Vattenfall utf\u00f6ra ett elsk\u00e5psbyte i Risma som kommer p\u00e5verka v\u00e5r nod 2 genom att de bryter str\u00f6mmen mellan <strong>kl 08.00 &#8211; 11.00 <\/strong>med f\u00f6rhoppning om att arbetet kommer g\u00e5 fortare \u00e4n s\u00e5.<\/p>\n\n\n\n<p><strong>Vad inneb\u00e4r d\u00e5 detta?<\/strong><br>F\u00f6rhoppningsvis ingenting, d\u00e5 noden har batteribackup och kommer forts\u00e4tta att g\u00e5 normalt s\u00e5 l\u00e4nge batterierna har kraft kvar. Vi vet inte exakt hur l\u00e4nge den g\u00e5r p\u00e5 batteri dock, d\u00e4rav denna information.<\/p>\n\n\n\n<p><strong>Vad h\u00e4nder om nod2 stannar?<\/strong><br>Tyv\u00e4rr inneb\u00e4r det att st\u00f6rre delen av v\u00e5rt fibern\u00e4t g\u00e5r ner. Vi har tv\u00e5 inkommande internetmatningar men om nod 2 \u00e4r str\u00f6ml\u00f6s blir hela Fritsla utan internet, medan kunder kopplade till nod 4 kommer fortfarande ha internetaccess. Det g\u00e4ller Kinnahult, Kinna och Gullberg.<br>Om detta sker (att battererna tar slut) kommer allts\u00e5 Fritslaomr\u00e5det bli utan internet en stund, men f\u00f6rhoppningsvis ganska kort tid d\u00e5 arbetet d\u00e5 troligen \u00e4r i sin slutfas.<\/p>\n\n\n\n<p><strong><em>Men vi hoppas nartuligtvis att arbetet g\u00e5r fort och problemfritt f\u00f6r Vattenfall och att str\u00f6mmen kommer tillbaka innan batteribackupen i nod 2 tar slut!<\/em><\/strong><\/p>\n","protected":false},"excerpt":{"rendered":"<p>Torsdagen den 12 september kommer Vattenfall utf\u00f6ra ett elsk\u00e5psbyte i Risma som kommer p\u00e5verka v\u00e5r nod 2 genom att de bryter str\u00f6mmen mellan kl 08.00 &#8211; 11.00 med f\u00f6rhoppning om att arbetet kommer g\u00e5 fortare \u00e4n s\u00e5. Vad inneb\u00e4r d\u00e5 detta?F\u00f6rhoppningsvis ingenting, d\u00e5 noden har batteribackup och kommer forts\u00e4tta att g\u00e5 normalt s\u00e5 l\u00e4nge batterierna &hellip; <a href=\"https:\/\/www.haggadalensfiber.se\/?p=2717\" class=\"more-link\">Forts\u00e4tt l\u00e4sa <span class=\"screen-reader-text\">Planerat str\u00f6mavbrott Nod 2 (Risma, Fritsla) 12 september<\/span> <span class=\"meta-nav\">&rarr;<\/span><\/a><\/p>\n","protected":false},"author":2,"featured_media":0,"comment_status":"closed","ping_status":"open","sticky":false,"template":"","format":"standard","meta":{"footnotes":""},"categories":[7],"tags":[],"class_list":["post-2717","post","type-post","status-publish","format-standard","hentry","category-nyheter"],"_links":{"self":[{"href":"https:\/\/www.haggadalensfiber.se\/index.php?rest_route=\/wp\/v2\/posts\/2717","targetHints":{"allow":["GET"]}}],"collection":[{"href":"https:\/\/www.haggadalensfiber.se\/index.php?rest_route=\/wp\/v2\/posts"}],"about":[{"href":"https:\/\/www.haggadalensfiber.se\/index.php?rest_route=\/wp\/v2\/types\/post"}],"author":[{"embeddable":true,"href":"https:\/\/www.haggadalensfiber.se\/index.php?rest_route=\/wp\/v2\/users\/2"}],"replies":[{"embeddable":true,"href":"https:\/\/www.haggadalensfiber.se\/index.php?rest_route=%2Fwp%2Fv2%2Fcomments&post=2717"}],"version-history":[{"count":1,"href":"https:\/\/www.haggadalensfiber.se\/index.php?rest_route=\/wp\/v2\/posts\/2717\/revisions"}],"predecessor-version":[{"id":2718,"href":"https:\/\/www.haggadalensfiber.se\/index.php?rest_route=\/wp\/v2\/posts\/2717\/revisions\/2718"}],"wp:attachment":[{"href":"https:\/\/www.haggadalensfiber.se\/index.php?rest_route=%2Fwp%2Fv2%2Fmedia&parent=2717"}],"wp:term":[{"taxonomy":"category","embeddable":true,"href":"https:\/\/www.haggadalensfiber.se\/index.php?rest_route=%2Fwp%2Fv2%2Fcategories&post=2717"},{"taxonomy":"post_tag","embeddable":true,"href":"https:\/\/www.haggadalensfiber.se\/index.php?rest_route=%2Fwp%2Fv2%2Ftags&post=2717"}],"curies":[{"name":"wp","href":"https:\/\/api.w.org\/{rel}","templated":true}]}}