{"id":2300,"date":"2022-02-03T14:08:18","date_gmt":"2022-02-03T13:08:18","guid":{"rendered":"https:\/\/www.haggadalensfiber.se\/?p=2300"},"modified":"2022-02-03T14:08:18","modified_gmt":"2022-02-03T13:08:18","slug":"tjansteavtal-borjar-delas-ut","status":"publish","type":"post","link":"https:\/\/www.haggadalensfiber.se\/?p=2300","title":{"rendered":"Tj\u00e4nsteavtal b\u00f6rjar delas ut"},"content":{"rendered":"\n<p>Under vecka 5 kommer medlemmar att f\u00e5 tj\u00e4nsteavtalet i sin postl\u00e5da. Vi har manuellt delat ut alla kuvert, f\u00f6rutom de fastighets\u00e4gare som har postort utanf\u00f6r H\u00e4gg\u00e5dalens omr\u00e5de d\u00e4r vi har postat dem. Saknar du ett avtal finns det att h\u00e4mta innanf\u00f6r ytterd\u00f6rren p\u00e5 G\u00e4rdebov\u00e4gen 3 i en l\u00e5da. (Inga avtal mejlas eller publiceras p\u00e5 hemsidan.) <\/p>\n\n\n\n<p>L\u00e4mna in undertecknat avtal i f\u00f6reningens brevl\u00e5da p\u00e5 G\u00e4rdebov\u00e4gen 3 senast den 28 februari. Detta f\u00f6r att vi ska kunna best\u00e4lla r\u00e4tt antal TV-boxar och f\u00e5 dem i god tid. Inkommande avtal efter den 28 februari kan f\u00e5 v\u00e4nta p\u00e5 TV-boxen efter p\u00e5b\u00f6rjad avtalstid. <\/p>\n\n\n\n<p>\u00c4ger du en fastighet med flera fiberanslutningar finns m\u00f6jlighet att teckna flera gruppavtal till  fastigheten. Fyll i antalet gruppanslutningar du \u00f6nskar n\u00e4r du g\u00f6r ditt val p\u00e5 blanketten.<\/p>\n","protected":false},"excerpt":{"rendered":"<p>Under vecka 5 kommer medlemmar att f\u00e5 tj\u00e4nsteavtalet i sin postl\u00e5da. Vi har manuellt delat ut alla kuvert, f\u00f6rutom de fastighets\u00e4gare som har postort utanf\u00f6r H\u00e4gg\u00e5dalens omr\u00e5de d\u00e4r vi har postat dem. Saknar du ett avtal finns det att h\u00e4mta innanf\u00f6r ytterd\u00f6rren p\u00e5 G\u00e4rdebov\u00e4gen 3 i en l\u00e5da. (Inga avtal mejlas eller publiceras p\u00e5 hemsidan.) &hellip; <a href=\"https:\/\/www.haggadalensfiber.se\/?p=2300\" class=\"more-link\">Forts\u00e4tt l\u00e4sa <span class=\"screen-reader-text\">Tj\u00e4nsteavtal b\u00f6rjar delas ut<\/span> <span class=\"meta-nav\">&rarr;<\/span><\/a><\/p>\n","protected":false},"author":2,"featured_media":0,"comment_status":"closed","ping_status":"open","sticky":false,"template":"","format":"standard","meta":{"footnotes":""},"categories":[2,7],"tags":[],"class_list":["post-2300","post","type-post","status-publish","format-standard","hentry","category-foreningen","category-nyheter"],"_links":{"self":[{"href":"https:\/\/www.haggadalensfiber.se\/index.php?rest_route=\/wp\/v2\/posts\/2300","targetHints":{"allow":["GET"]}}],"collection":[{"href":"https:\/\/www.haggadalensfiber.se\/index.php?rest_route=\/wp\/v2\/posts"}],"about":[{"href":"https:\/\/www.haggadalensfiber.se\/index.php?rest_route=\/wp\/v2\/types\/post"}],"author":[{"embeddable":true,"href":"https:\/\/www.haggadalensfiber.se\/index.php?rest_route=\/wp\/v2\/users\/2"}],"replies":[{"embeddable":true,"href":"https:\/\/www.haggadalensfiber.se\/index.php?rest_route=%2Fwp%2Fv2%2Fcomments&post=2300"}],"version-history":[{"count":1,"href":"https:\/\/www.haggadalensfiber.se\/index.php?rest_route=\/wp\/v2\/posts\/2300\/revisions"}],"predecessor-version":[{"id":2301,"href":"https:\/\/www.haggadalensfiber.se\/index.php?rest_route=\/wp\/v2\/posts\/2300\/revisions\/2301"}],"wp:attachment":[{"href":"https:\/\/www.haggadalensfiber.se\/index.php?rest_route=%2Fwp%2Fv2%2Fmedia&parent=2300"}],"wp:term":[{"taxonomy":"category","embeddable":true,"href":"https:\/\/www.haggadalensfiber.se\/index.php?rest_route=%2Fwp%2Fv2%2Fcategories&post=2300"},{"taxonomy":"post_tag","embeddable":true,"href":"https:\/\/www.haggadalensfiber.se\/index.php?rest_route=%2Fwp%2Fv2%2Ftags&post=2300"}],"curies":[{"name":"wp","href":"https:\/\/api.w.org\/{rel}","templated":true}]}}