{"id":1749,"date":"2018-05-15T17:39:06","date_gmt":"2018-05-15T16:39:06","guid":{"rendered":"http:\/\/www.haggadalensfiber.se\/?p=1749"},"modified":"2018-09-23T14:33:23","modified_gmt":"2018-09-23T13:33:23","slug":"lagning-av-gammal-skada-pa-stamledning","status":"publish","type":"post","link":"https:\/\/www.haggadalensfiber.se\/?p=1749","title":{"rendered":"Lagning av gammal skada p\u00e5 stamledning"},"content":{"rendered":"<h5>Det har dragit ut p\u00e5 tiden men tiden har kommit till att permanent laga gr\u00e4vskadan p\u00e5 inkommande fiberkabeln som gr\u00e4vdes av i h\u00f6stas (<code>2017-09-13<\/code>).<\/h5>\n<h3>Fredagen den 25 maj kommer arbetet att ske, och det kommer inneb\u00e4ra ett totalt avbrott p\u00e5 hela f\u00f6reningens internetanslutning. Vi hoppas att avbrottet inte blir mer \u00e4n n\u00e5gon timme, dagtid.<\/h3>\n<p><span class=\" UFICommentActorAndBody\"> <span data-ft=\"{&quot;tn&quot;:&quot;K&quot;}\"><span class=\"UFICommentBody\">F\u00f6ruts\u00e4ttningarna:<br \/>\nEn slang med fiberkabel \u00e4r avgr\u00e4vd och tillf\u00e4lligt lagad. Det finns en reservslang. Denna slang misslyckades man att bl\u00e5sa i ny fiberkabel i h\u00f6stas. (Den \u00e4r skadad\/kl\u00e4md under mark n\u00e5gonstans)<br \/>\nNu ska ny slang gr\u00e4vas ner och fiberkabel bl\u00e5sas in i den. d\u00e4refter skall den gamla kabeln kapas i b\u00e5da \u00e4ndar (D\u00e4r b\u00f6rjar avbrottet) Nya kabeln ska svetsas in. (N\u00e4tet kommer upp igen)<br \/>\nJag gissar att avbrottet sker n\u00e5gon g\u00e5ng p\u00e5 eftermiddagen. N\u00e4rmare \u00e4n s\u00e5 kan jag inte gissa.<br \/>\nDrar gr\u00e4v\/bl\u00e5sarbetet ut p\u00e5 tiden kanske man avbryter och forts\u00e4tter en annan dag. Det vet vi f\u00f6rst i morgon.<\/span><\/span><\/span><\/p>\n<p>Lagningen blev inte av. Slangen var hel och bl\u00e5sbar, men kvarl\u00e4mnad fiberkabel fr\u00e5n i h\u00f6stas var f\u00f6r kort.<br \/>\nNytt lagningsf\u00f6rs\u00f6k senare.<\/p>\n<p>&nbsp;<\/p>\n","protected":false},"excerpt":{"rendered":"<p>Det har dragit ut p\u00e5 tiden men tiden har kommit till att permanent laga gr\u00e4vskadan p\u00e5 inkommande fiberkabeln som gr\u00e4vdes av i h\u00f6stas (2017-09-13). Fredagen den 25 maj kommer arbetet att ske, och det kommer inneb\u00e4ra ett totalt avbrott p\u00e5 hela f\u00f6reningens internetanslutning. Vi hoppas att avbrottet inte blir mer \u00e4n n\u00e5gon timme, dagtid. F\u00f6ruts\u00e4ttningarna: &hellip; <a href=\"https:\/\/www.haggadalensfiber.se\/?p=1749\" class=\"more-link\">Forts\u00e4tt l\u00e4sa <span class=\"screen-reader-text\">Lagning av gammal skada p\u00e5 stamledning<\/span> <span class=\"meta-nav\">&rarr;<\/span><\/a><\/p>\n","protected":false},"author":2,"featured_media":0,"comment_status":"closed","ping_status":"open","sticky":false,"template":"","format":"standard","meta":{"footnotes":""},"categories":[1],"tags":[],"class_list":["post-1749","post","type-post","status-publish","format-standard","hentry","category-arkiv"],"_links":{"self":[{"href":"https:\/\/www.haggadalensfiber.se\/index.php?rest_route=\/wp\/v2\/posts\/1749","targetHints":{"allow":["GET"]}}],"collection":[{"href":"https:\/\/www.haggadalensfiber.se\/index.php?rest_route=\/wp\/v2\/posts"}],"about":[{"href":"https:\/\/www.haggadalensfiber.se\/index.php?rest_route=\/wp\/v2\/types\/post"}],"author":[{"embeddable":true,"href":"https:\/\/www.haggadalensfiber.se\/index.php?rest_route=\/wp\/v2\/users\/2"}],"replies":[{"embeddable":true,"href":"https:\/\/www.haggadalensfiber.se\/index.php?rest_route=%2Fwp%2Fv2%2Fcomments&post=1749"}],"version-history":[{"count":4,"href":"https:\/\/www.haggadalensfiber.se\/index.php?rest_route=\/wp\/v2\/posts\/1749\/revisions"}],"predecessor-version":[{"id":1760,"href":"https:\/\/www.haggadalensfiber.se\/index.php?rest_route=\/wp\/v2\/posts\/1749\/revisions\/1760"}],"wp:attachment":[{"href":"https:\/\/www.haggadalensfiber.se\/index.php?rest_route=%2Fwp%2Fv2%2Fmedia&parent=1749"}],"wp:term":[{"taxonomy":"category","embeddable":true,"href":"https:\/\/www.haggadalensfiber.se\/index.php?rest_route=%2Fwp%2Fv2%2Fcategories&post=1749"},{"taxonomy":"post_tag","embeddable":true,"href":"https:\/\/www.haggadalensfiber.se\/index.php?rest_route=%2Fwp%2Fv2%2Ftags&post=1749"}],"curies":[{"name":"wp","href":"https:\/\/api.w.org\/{rel}","templated":true}]}}