{"id":1693,"date":"2018-01-17T19:08:14","date_gmt":"2018-01-17T18:08:14","guid":{"rendered":"http:\/\/www.haggadalensfiber.se\/?p=1693"},"modified":"2018-09-23T14:32:15","modified_gmt":"2018-09-23T13:32:15","slug":"snart-lagning-av-gravskadan-vid-fritsla-kyrka","status":"publish","type":"post","link":"https:\/\/www.haggadalensfiber.se\/?p=1693","title":{"rendered":"Snart lagning av gr\u00e4vskadan vid Fritsla Kyrka"},"content":{"rendered":"<p>Gr\u00e4vskadan var allvarlig och vissa fibrer \u00e4r av medan andra h\u00f6ll. Vi har gjort de f\u00f6rberedelser som beh\u00f6vdes innan lagning kan ske. Lagningen inneb\u00e4r att kapa b\u00e5de hela och trasiga linjer f\u00f6r att byta ut den trasiga kabeln, bl\u00e5sa i en ny och svetsa om. Det \u00e4r ett ganska komplicerat och kritiskt moment som kr\u00e4ver noggrann f\u00f6rberedelse f\u00f6r att minimera nertid.<br \/>\nLagning kommer ske i n\u00e4rtid, dock inget datum best\u00e4mt. Under lagningen kommer st\u00f6rningar, korta eller l\u00e4ngre avbrott att f\u00f6rekomma f\u00f6r de som inte redan har avbrott.<br \/>\nDet \u00e4r ett mycket begr\u00e4nsat antal abonnenter som har haft avbrott, dessa kan kontakta &#x69;&#110;f&#x6f;&#64;h&#x61;&#103;g&#x61;&#100;a&#x6c;&#101;n&#x73;&#102;i&#x62;&#101;r&#x2e;&#115;e f\u00f6r reglering av fakturan.<\/p>\n<p>Till\u00e4gg 19 jan:<\/p>\n<h5>Reparationsdatum fastst\u00e4llt. 29 Januari mellan kl 08.00 &#8211; 16.00 Under denna tid kan st\u00f6rningar f\u00f6rekomma i n\u00e4tet.<\/h5>\n<p>&nbsp;<\/p>\n","protected":false},"excerpt":{"rendered":"<p>Gr\u00e4vskadan var allvarlig och vissa fibrer \u00e4r av medan andra h\u00f6ll. Vi har gjort de f\u00f6rberedelser som beh\u00f6vdes innan lagning kan ske. Lagningen inneb\u00e4r att kapa b\u00e5de hela och trasiga linjer f\u00f6r att byta ut den trasiga kabeln, bl\u00e5sa i en ny och svetsa om. Det \u00e4r ett ganska komplicerat och kritiskt moment som kr\u00e4ver &hellip; <a href=\"https:\/\/www.haggadalensfiber.se\/?p=1693\" class=\"more-link\">Forts\u00e4tt l\u00e4sa <span class=\"screen-reader-text\">Snart lagning av gr\u00e4vskadan vid Fritsla Kyrka<\/span> <span class=\"meta-nav\">&rarr;<\/span><\/a><\/p>\n","protected":false},"author":2,"featured_media":0,"comment_status":"closed","ping_status":"open","sticky":false,"template":"","format":"standard","meta":{"footnotes":""},"categories":[1],"tags":[],"class_list":["post-1693","post","type-post","status-publish","format-standard","hentry","category-arkiv"],"_links":{"self":[{"href":"https:\/\/www.haggadalensfiber.se\/index.php?rest_route=\/wp\/v2\/posts\/1693","targetHints":{"allow":["GET"]}}],"collection":[{"href":"https:\/\/www.haggadalensfiber.se\/index.php?rest_route=\/wp\/v2\/posts"}],"about":[{"href":"https:\/\/www.haggadalensfiber.se\/index.php?rest_route=\/wp\/v2\/types\/post"}],"author":[{"embeddable":true,"href":"https:\/\/www.haggadalensfiber.se\/index.php?rest_route=\/wp\/v2\/users\/2"}],"replies":[{"embeddable":true,"href":"https:\/\/www.haggadalensfiber.se\/index.php?rest_route=%2Fwp%2Fv2%2Fcomments&post=1693"}],"version-history":[{"count":3,"href":"https:\/\/www.haggadalensfiber.se\/index.php?rest_route=\/wp\/v2\/posts\/1693\/revisions"}],"predecessor-version":[{"id":1696,"href":"https:\/\/www.haggadalensfiber.se\/index.php?rest_route=\/wp\/v2\/posts\/1693\/revisions\/1696"}],"wp:attachment":[{"href":"https:\/\/www.haggadalensfiber.se\/index.php?rest_route=%2Fwp%2Fv2%2Fmedia&parent=1693"}],"wp:term":[{"taxonomy":"category","embeddable":true,"href":"https:\/\/www.haggadalensfiber.se\/index.php?rest_route=%2Fwp%2Fv2%2Fcategories&post=1693"},{"taxonomy":"post_tag","embeddable":true,"href":"https:\/\/www.haggadalensfiber.se\/index.php?rest_route=%2Fwp%2Fv2%2Ftags&post=1693"}],"curies":[{"name":"wp","href":"https:\/\/api.w.org\/{rel}","templated":true}]}}