{"id":1175,"date":"2016-05-24T05:31:46","date_gmt":"2016-05-24T04:31:46","guid":{"rendered":"http:\/\/www.haggadalensfiber.se\/?p=1175"},"modified":"2016-06-15T19:43:48","modified_gmt":"2016-06-15T18:43:48","slug":"arsstamma-2016","status":"publish","type":"post","link":"https:\/\/www.haggadalensfiber.se\/?p=1175","title":{"rendered":"\u00c5rsst\u00e4mma 2016"},"content":{"rendered":"<h3>Kallelse till \u00e5rsst\u00e4mman har g\u00e5tt ut till medlemmarna p\u00e5 mail den 17 maj.<\/h3>\n<p><strong>Hej k\u00e4ra medlem!<\/strong><\/p>\n<p><strong>H\u00e4r kommer meddelande fr\u00e5n Styrelsen och Valberedning med avseende p\u00e5 kommande \u00e5rsm\u00f6te.<\/strong><\/p>\n<p>&nbsp;<\/p>\n<p><strong>Meddelande fr\u00e5n valberedningen<\/strong><\/p>\n<p>V\u00e5r f\u00f6rening \u00e4r nu p\u00e5 v\u00e4g in i en ny fas!<\/p>\n<p>I mer \u00e4n tv\u00e5 \u00e5r har nuvarande och tidigare styrelse medlemmar arbetat h\u00e5rt f\u00f6r att f\u00e5 fiber till v\u00e5r byggd. Inom \u00f6versk\u00e5dlig tid \u00e4r leveransen klar och f\u00f6reningen g\u00e5r in i en ny fas, fr\u00e5n att vara driven i entrepren\u00f6rsanda med stora visioner och f\u00e5r saker gjorda h\u00e4r och nu, till en mer f\u00f6rvaltande tid. I denna styrelse kommer arbetet mer att g\u00e5 \u00f6ver till att skapa rutiner f\u00f6r att stabilisera f\u00f6reningen f\u00f6r framtiden.<\/p>\n<p>Valberedningen s\u00f6ker idag <em><u>tv\u00e5 nya ledam\u00f6ter<\/u><\/em>, varav en \u00e4r ordf\u00f6randerollen. Dessutom s\u00f6ker vi tv\u00e5 suppleanter till styrelsen. De egenskaper vi tror att du som s\u00f6ker en styrelseplats hos oss har:<\/p>\n<ul>\n<li>Du gillar ordning och reda<\/li>\n<li>Du \u00e4r en \u201ddo\u00b4er\u201d<\/li>\n<li>Du brinner f\u00f6r din byggd<\/li>\n<\/ul>\n<p>De arbetsuppgifter vi tror att du kommer att st\u00f6ta p\u00e5 fram \u00f6ver ser du nedan. Har du erfarenhet av eller intresse f\u00f6r en eller flera av dessa kan du vara precis den vi s\u00f6ker.<\/p>\n<ul>\n<li>Ta emot ans\u00f6kningar fr\u00e5n nya medlemmar och f\u00f6rse dem med information, priser m.m.<\/li>\n<li>Rensa upp hemsidan fr\u00e5n uppgifter som hade med bygget att g\u00f6ra till det som \u00e4r mer relevant i framtiden<\/li>\n<li>Ha kontakt med olika myndigheter f\u00f6r tex. att s\u00f6ka tillst\u00e5nd vid utbyggnad av v\u00e5rt n\u00e4t<\/li>\n<li>S\u00e4kerst\u00e4lla att den avgift som medlemmarna betalar till tex drift av n\u00e4tet \u00e4r r\u00e4tt, varken f\u00f6r h\u00f6g eller f\u00f6r l\u00e5g<\/li>\n<li>Skapa rutiner som f\u00f6renklar det framtida arbetet<\/li>\n<li>Digitalisera f\u00f6reningen f\u00f6r att effektivisera manuella rutiner till automatiserade<\/li>\n<\/ul>\n<p>\u00c4r du dessutom en kandidat till ordf\u00f6randerollen beh\u00f6ver du \u00e4ven<\/p>\n<ul>\n<li>Du har en stor f\u00f6rm\u00e5ga att h\u00e5lla ihop fr\u00e5gor<\/li>\n<li>Du r\u00e4ds inte att f\u00f6lja upp att aktivitet verkligen blivit gjorda<\/li>\n<li>Du har suttit och f\u00f6rhandlat olika fr\u00e5gor vid ett flertal tillf\u00e4llen<\/li>\n<\/ul>\n<p>Passar detta in p\u00e5 dig, eller k\u00e4nner du n\u00e5gon som du tror skulle passa? Ta kontakt med v\u00e5r valberedning och l\u00e4mna in din ans\u00f6kan eller ditt tips.<\/p>\n<p>&nbsp;<\/p>\n<p>Med Varma H\u00e4lsningar<\/p>\n<p>Valberedningen<\/p>\n<p>&nbsp;<\/p>\n<p>Jonas Axelsson \u00a0\u00a0\u00a0\u00a0\u00a0\u00a0\u00a0\u00a0\u00a0\u00a0\u00a0\u00a0\u00a0\u00a0\u00a0&amp; \u00a0\u00a0\u00a0\u00a0\u00a0 Thomas Danielsson<\/p>\n<p><a href=\"m&#97;&#105;&#x6c;&#x74;o:&#74;&#111;&#x6e;&#x61;s&#64;&#104;&#97;&#x6c;&#x6c;al&#121;&#x63;&#x6b;&#x65;&#46;&#115;&#101;\">&#x4a;&#x6f;&#110;&#97;s&#x40;&#x68;&#x61;&#108;la&#x6c;&#x79;&#99;&#107;e&#x2e;&#x73;&#x65;<\/a>\u00a0\u00a0\u00a0\u00a0\u00a0\u00a0\u00a0\u00a0\u00a0\u00a0\u00a0\u00a0\u00a0\u00a0 <a href=\"&#109;&#x61;&#x69;l&#116;&#x6f;:&#98;&#x61;&#x6c;l&#97;&#x72;c&#111;&#x40;&#x67;m&#97;&#x69;l&#46;&#x63;&#x6f;&#109;\">&#x62;&#97;l&#x6c;&#x61;&#114;c&#x6f;&#x40;&#103;m&#x61;&#105;l&#x2e;&#x63;&#111;m<\/a><\/p>\n<p><strong>\u00a0<\/strong><\/p>\n<p><strong>\u00a0<\/strong><\/p>\n<p><strong>H\u00e4gg\u00e5dalens Fiber Ekonomisk F\u00f6rening kallar till \u00e5rsst\u00e4mma!\u00a0<\/strong><\/p>\n<p><strong>I Kungabergshallen i Fritsla, m\u00e5ndagen den 6 juni kl. 17.00.<\/strong><\/p>\n<p>Dagordning:<\/p>\n<ol>\n<li><em>M\u00f6tets \u00f6ppnande<\/em><\/li>\n<li><em>Val av ordf\u00f6rande vid f\u00f6reningsst\u00e4mman och anm\u00e4lan av st\u00e4mmoordf\u00f6randens val av protokollf\u00f6rare<\/em><\/li>\n<li><em>Godk\u00e4nnande av r\u00f6stl\u00e4ngden.<\/em><\/li>\n<li><em>Val av en eller tv\u00e5 justeringsm\u00e4n.<\/em><\/li>\n<li><em>Fr\u00e5ga om st\u00e4mman blivit utlyst i beh\u00f6rig ordning.<\/em><\/li>\n<li><em>Fastst\u00e4llande av dagordningen.<\/em><\/li>\n<li><em>Styrelsens \u00e5rsredovisning och revisionsber\u00e4ttelsen.<\/em><\/li>\n<li><em>Beslut om fastst\u00e4llande av balansr\u00e4kningen och resultatr\u00e4kningen samt hur vinsten eller f\u00f6rlusten enligt den fastst\u00e4llda balansr\u00e4kningen skall disponeras.<\/em><\/li>\n<li><em>Beslut om ansvarsfrihet \u00e5t styrelseledam\u00f6terna.<\/em><\/li>\n<li><em>Fr\u00e5gan om arvoden till styrelseledam\u00f6terna och revisorer.<\/em><\/li>\n<li><em>Beslut om medlemsavgift f\u00f6r kommande verksamhets\u00e5r<\/em><\/li>\n<li><em>Val av ordf\u00f6rande.<\/em><\/li>\n<li><em>Beslut om antalet styrelseledam\u00f6ter och styrelsesuppleanter som skall v\u00e4ljas.<\/em><\/li>\n<li><em>Val av \u00f6vriga styrelseledam\u00f6ter och eventuella styrelsesuppleanter.<\/em><\/li>\n<li><em>Val av revisorer och eventuella revisorssuppleanter.<\/em><\/li>\n<li><em>Val av valberedning.<\/em><\/li>\n<li><em>\u00d6vriga \u00e4renden.<\/em><\/li>\n<li><em>M\u00f6tets avslutande<\/em><\/li>\n<\/ol>\n<p>&nbsp;<\/p>\n<p><strong>Bilagor och ev. inkomna motioner publiceras p\u00e5 hemsidan.<\/strong><\/p>\n<p>&nbsp;<\/p>\n<p><strong>V\u00e4lkomna!<\/strong><\/p>\n<p><strong>\/Styrelsen<\/strong><\/p>\n","protected":false},"excerpt":{"rendered":"<p>Kallelse till \u00e5rsst\u00e4mman har g\u00e5tt ut till medlemmarna p\u00e5 mail den 17 maj. Hej k\u00e4ra medlem! H\u00e4r kommer meddelande fr\u00e5n Styrelsen och Valberedning med avseende p\u00e5 kommande \u00e5rsm\u00f6te. &nbsp; Meddelande fr\u00e5n valberedningen V\u00e5r f\u00f6rening \u00e4r nu p\u00e5 v\u00e4g in i en ny fas! I mer \u00e4n tv\u00e5 \u00e5r har nuvarande och tidigare styrelse medlemmar arbetat &hellip; <a href=\"https:\/\/www.haggadalensfiber.se\/?p=1175\" class=\"more-link\">Forts\u00e4tt l\u00e4sa <span class=\"screen-reader-text\">\u00c5rsst\u00e4mma 2016<\/span> <span class=\"meta-nav\">&rarr;<\/span><\/a><\/p>\n","protected":false},"author":2,"featured_media":0,"comment_status":"closed","ping_status":"open","sticky":false,"template":"","format":"standard","meta":{"footnotes":""},"categories":[2],"tags":[],"class_list":["post-1175","post","type-post","status-publish","format-standard","hentry","category-foreningen"],"_links":{"self":[{"href":"https:\/\/www.haggadalensfiber.se\/index.php?rest_route=\/wp\/v2\/posts\/1175","targetHints":{"allow":["GET"]}}],"collection":[{"href":"https:\/\/www.haggadalensfiber.se\/index.php?rest_route=\/wp\/v2\/posts"}],"about":[{"href":"https:\/\/www.haggadalensfiber.se\/index.php?rest_route=\/wp\/v2\/types\/post"}],"author":[{"embeddable":true,"href":"https:\/\/www.haggadalensfiber.se\/index.php?rest_route=\/wp\/v2\/users\/2"}],"replies":[{"embeddable":true,"href":"https:\/\/www.haggadalensfiber.se\/index.php?rest_route=%2Fwp%2Fv2%2Fcomments&post=1175"}],"version-history":[{"count":1,"href":"https:\/\/www.haggadalensfiber.se\/index.php?rest_route=\/wp\/v2\/posts\/1175\/revisions"}],"predecessor-version":[{"id":1176,"href":"https:\/\/www.haggadalensfiber.se\/index.php?rest_route=\/wp\/v2\/posts\/1175\/revisions\/1176"}],"wp:attachment":[{"href":"https:\/\/www.haggadalensfiber.se\/index.php?rest_route=%2Fwp%2Fv2%2Fmedia&parent=1175"}],"wp:term":[{"taxonomy":"category","embeddable":true,"href":"https:\/\/www.haggadalensfiber.se\/index.php?rest_route=%2Fwp%2Fv2%2Fcategories&post=1175"},{"taxonomy":"post_tag","embeddable":true,"href":"https:\/\/www.haggadalensfiber.se\/index.php?rest_route=%2Fwp%2Fv2%2Ftags&post=1175"}],"curies":[{"name":"wp","href":"https:\/\/api.w.org\/{rel}","templated":true}]}}