{"id":1107,"date":"2016-03-01T19:34:12","date_gmt":"2016-03-01T18:34:12","guid":{"rendered":"http:\/\/www.haggadalensfiber.se\/?p=1107"},"modified":"2016-04-21T19:41:15","modified_gmt":"2016-04-21T18:41:15","slug":"status-1-mars","status":"publish","type":"post","link":"https:\/\/www.haggadalensfiber.se\/?p=1107","title":{"rendered":"Status 1 mars"},"content":{"rendered":"<p>Bl\u00e5sningen av kunder i omr\u00e5de 1 och 3 \u00e4r n\u00e4rmast klar. Fiberbl\u00e5sarna l\u00e4mnar uppgifter p\u00e5 ev. problem, s\u00e5 att jag kan f\u00f6rs\u00f6ka f\u00e5 medlemmen att \u00e5tg\u00e4rda dessa, och inte svetsa kn\u00e4ckta patchkablar eller fastna i andra problem som f\u00f6rorsakar merkostnader eller tidsspill.<\/p>\n<p>Bl\u00e5sarna har ocks\u00e5 f\u00e5tt p\u00e5 plats det mesta av stamn\u00e4tet i omr\u00e5de 3, och en del i omr\u00e5de 1, och jag har dagliga kontakter med dem.<br \/>\nOmr\u00e5de 1 = Nod Sportstugan\/Smeatorpet<br \/>\nOmr\u00e5de 3 = Nod Viljans park<\/p>\n<p>Tryckningen under j\u00e4rnv\u00e4gen som skulle skett i fredags, har blivit omplanerad till denna fredag, 4 mars, pga. sjukdom hos personalen.<\/p>\n<p>Jag bifogar en bild p\u00e5 ett sk\u00e5p, bl\u00e5st och (n\u00e4stan) f\u00e4rdigsvetsat.<\/p>\n<p>Gullik<\/p>\n<p><img loading=\"lazy\" decoding=\"async\" class=\"alignnone size-full wp-image-1108\" src=\"http:\/\/www.haggadalensfiber.se\/wp-content\/uploads\/2016\/03\/fiberskap_web.jpg\" alt=\"Fibersk\u00e5p med fiber\" width=\"1152\" height=\"1536\" srcset=\"https:\/\/www.haggadalensfiber.se\/wp-content\/uploads\/2016\/03\/fiberskap_web.jpg 1152w, https:\/\/www.haggadalensfiber.se\/wp-content\/uploads\/2016\/03\/fiberskap_web-450x600.jpg 450w, https:\/\/www.haggadalensfiber.se\/wp-content\/uploads\/2016\/03\/fiberskap_web-768x1024.jpg 768w\" sizes=\"auto, (max-width: 1152px) 100vw, 1152px\" \/><\/p>\n<p>&nbsp;<\/p>\n","protected":false},"excerpt":{"rendered":"<p>Bl\u00e5sningen av kunder i omr\u00e5de 1 och 3 \u00e4r n\u00e4rmast klar. Fiberbl\u00e5sarna l\u00e4mnar uppgifter p\u00e5 ev. problem, s\u00e5 att jag kan f\u00f6rs\u00f6ka f\u00e5 medlemmen att \u00e5tg\u00e4rda dessa, och inte svetsa kn\u00e4ckta patchkablar eller fastna i andra problem som f\u00f6rorsakar merkostnader eller tidsspill. Bl\u00e5sarna har ocks\u00e5 f\u00e5tt p\u00e5 plats det mesta av stamn\u00e4tet i omr\u00e5de 3, &hellip; <a href=\"https:\/\/www.haggadalensfiber.se\/?p=1107\" class=\"more-link\">Forts\u00e4tt l\u00e4sa <span class=\"screen-reader-text\">Status 1 mars<\/span> <span class=\"meta-nav\">&rarr;<\/span><\/a><\/p>\n","protected":false},"author":2,"featured_media":0,"comment_status":"closed","ping_status":"open","sticky":false,"template":"","format":"standard","meta":{"footnotes":""},"categories":[1],"tags":[],"class_list":["post-1107","post","type-post","status-publish","format-standard","hentry","category-arkiv"],"_links":{"self":[{"href":"https:\/\/www.haggadalensfiber.se\/index.php?rest_route=\/wp\/v2\/posts\/1107","targetHints":{"allow":["GET"]}}],"collection":[{"href":"https:\/\/www.haggadalensfiber.se\/index.php?rest_route=\/wp\/v2\/posts"}],"about":[{"href":"https:\/\/www.haggadalensfiber.se\/index.php?rest_route=\/wp\/v2\/types\/post"}],"author":[{"embeddable":true,"href":"https:\/\/www.haggadalensfiber.se\/index.php?rest_route=\/wp\/v2\/users\/2"}],"replies":[{"embeddable":true,"href":"https:\/\/www.haggadalensfiber.se\/index.php?rest_route=%2Fwp%2Fv2%2Fcomments&post=1107"}],"version-history":[{"count":4,"href":"https:\/\/www.haggadalensfiber.se\/index.php?rest_route=\/wp\/v2\/posts\/1107\/revisions"}],"predecessor-version":[{"id":1112,"href":"https:\/\/www.haggadalensfiber.se\/index.php?rest_route=\/wp\/v2\/posts\/1107\/revisions\/1112"}],"wp:attachment":[{"href":"https:\/\/www.haggadalensfiber.se\/index.php?rest_route=%2Fwp%2Fv2%2Fmedia&parent=1107"}],"wp:term":[{"taxonomy":"category","embeddable":true,"href":"https:\/\/www.haggadalensfiber.se\/index.php?rest_route=%2Fwp%2Fv2%2Fcategories&post=1107"},{"taxonomy":"post_tag","embeddable":true,"href":"https:\/\/www.haggadalensfiber.se\/index.php?rest_route=%2Fwp%2Fv2%2Ftags&post=1107"}],"curies":[{"name":"wp","href":"https:\/\/api.w.org\/{rel}","templated":true}]}}